{"id":6016,"date":"2023-01-31T12:09:50","date_gmt":"2023-01-31T12:09:50","guid":{"rendered":"https:\/\/lenz.fi\/?p=6016"},"modified":"2023-05-25T06:51:14","modified_gmt":"2023-05-25T06:51:14","slug":"lenz-projects-severi-sjoblom-kertoo-kuinka-paatyi-lenzille","status":"publish","type":"post","link":"https:\/\/lenzlatam.com\/fi\/tyoelama\/lenz-projects-severi-sjoblom-kertoo-kuinka-paatyi-lenzille\/","title":{"rendered":"Kokeneen ty\u00f6ntekij\u00e4n tarina: kuinka p\u00e4\u00e4dyin Lenzille"},"content":{"rendered":"<div class=\"fusion-fullwidth fullwidth-box fusion-builder-row-1 fusion-flex-container nonhundred-percent-fullwidth non-hundred-percent-height-scrolling\" style=\"--awb-border-radius-top-left:0px;--awb-border-radius-top-right:0px;--awb-border-radius-bottom-right:0px;--awb-border-radius-bottom-left:0px;--awb-flex-wrap:wrap;\" ><div class=\"fusion-builder-row fusion-row fusion-flex-align-items-flex-start fusion-flex-content-wrap\" style=\"max-width:1206.4px;margin-left: calc(-4% \/ 2 );margin-right: calc(-4% \/ 2 );\"><div class=\"fusion-layout-column fusion_builder_column fusion-builder-column-0 fusion_builder_column_1_1 1_1 fusion-flex-column\" style=\"--awb-bg-size:cover;--awb-width-large:100%;--awb-margin-top-large:0px;--awb-spacing-right-large:1.92%;--awb-margin-bottom-large:40px;--awb-spacing-left-large:1.92%;--awb-width-medium:100%;--awb-spacing-right-medium:1.92%;--awb-spacing-left-medium:1.92%;--awb-width-small:100%;--awb-spacing-right-small:1.92%;--awb-spacing-left-small:1.92%;\"><div class=\"fusion-column-wrapper fusion-flex-justify-content-flex-start fusion-content-layout-column\"><div class=\"fusion-text fusion-text-1\"><p><span style=\"font-weight: 400; color: #ffffff;\">Aloitin Lenzill\u00e4 freelancerina elokuun alussa. Lenzill\u00e4 oli toiveena, ett\u00e4 l\u00e4htisin rakentamaan, parantamaan ja jalkauttamaan myynnin, markkinoinnin ja asiakkuudenhoidon strategiaa yhdess\u00e4 entisen kollegani Janne Taiston kanssa.\u00a0<\/span><\/p>\n<\/div><div class=\"fusion-separator fusion-full-width-sep\" style=\"align-self: center;margin-left: auto;margin-right: auto;margin-bottom:20px;width:100%;\"><\/div><div class=\"fusion-text fusion-text-2\"><p><span style=\"font-weight: 400; color: #ffffff;\">L\u00e4htiess\u00e4ni entisest\u00e4 pestist\u00e4ni olin p\u00e4\u00e4tt\u00e4nyt pit\u00e4\u00e4 sapattivapaata ja keskitty\u00e4 itseeni, perheeseeni sek\u00e4 yst\u00e4viin. Pitk\u00e4t p\u00e4iv\u00e4t ja jatkuva t\u00f6iden ajattelu oli ajanut minut tilanteeseen, jossa oli pakko ottaa pieni heng\u00e4hdystauko ja mietti\u00e4 \u201cmit\u00e4 sit\u00e4 sitten isona tekisi\u201d. Hyv\u00e4h\u00e4n se n\u00e4in jo reilusti 30 rajapyykin ylitt\u00e4neen\u00e4 ja kovaa vauhtia keski-ik\u00e4isyyteen matkaavana on jonkinlaista suuntaa asetettava itselleen. Jos ei itsens\u00e4 takia niin luodakseen omalle lapselle parempaa toimintaymp\u00e4rist\u00f6\u00e4 ja mahdollisuuksia.<\/span><\/p>\n<\/div><div class=\"fusion-separator fusion-full-width-sep\" style=\"align-self: center;margin-left: auto;margin-right: auto;margin-bottom:20px;width:100%;\"><\/div><div class=\"fusion-text fusion-text-3\"><p><span style=\"font-weight: 400; color: #ffffff;\">Sapattivapaani aikana keskityin t\u00e4ysin asioihin, jotka olivat itselleni t\u00e4rkeit\u00e4. N\u00e4iden lomassa tuli kuitenkin autettua tuttuja edist\u00e4m\u00e4\u00e4n omaa liiketoimintaansa ja kehitt\u00e4m\u00e4\u00e4n tapoja tehd\u00e4 asioita helpommin, nopeammin ja paremmin. T\u00e4m\u00e4 tuntui itselleni eritt\u00e4in luontaiselta ja ymm\u00e4rsin, ett\u00e4 olen samanlaisista asioista nauttinut urani aikana. Yritt\u00e4jyys, joka oli kolkutellut takaraivossa jo vuosia, tuntui eritt\u00e4in hyv\u00e4lt\u00e4 ajatukselta l\u00e4hte\u00e4 edist\u00e4m\u00e4\u00e4n omaa uraani.<\/span><\/p>\n<\/div><div class=\"fusion-separator fusion-full-width-sep\" style=\"align-self: center;margin-left: auto;margin-right: auto;margin-bottom:20px;width:100%;\"><\/div><div class=\"fusion-text fusion-text-4\"><p><span style=\"font-weight: 400; color: #ffffff;\">Kun sain Jannelta puhelun mahdollisuudesta l\u00e4hte\u00e4 tekem\u00e4\u00e4n Lenzin kanssa yhteisty\u00f6t\u00e4 ei siin\u00e4 tarvinnut kauaa asiaa mietti\u00e4. Koko konseptin l\u00e4ht\u00f6kohta on juurikin sit\u00e4 mit\u00e4 itse haluan edist\u00e4\u00e4 &#8211; luodaan parempaa maailmaa. Ja mik\u00e4 viel\u00e4 parasta, luodaan sit\u00e4 oikeasti auttamalla nykyist\u00e4 nuorten sukupolvea ja mahdollistamalla heille t\u00e4m\u00e4n paremman maailman rakentamisen itse. Samalla kun voidaan auttaa viel\u00e4 yrityksi\u00e4 tekem\u00e4\u00e4n asiat j\u00e4rkev\u00e4mmin niin t\u00e4m\u00e4 maukkain soppa on valmis.<\/span><\/p>\n<\/div><div class=\"fusion-separator fusion-full-width-sep\" style=\"align-self: center;margin-left: auto;margin-right: auto;margin-bottom:20px;width:100%;\"><\/div><div class=\"fusion-text fusion-text-5\"><p><span style=\"font-weight: 400; color: #ffffff;\">N\u00e4m\u00e4 ihmiset ovat aivan huippuja ja mietinkin, ett\u00e4 miten sit\u00e4 itse ikin\u00e4 untuvikkona on koskaan p\u00e4\u00e4ssyt ty\u00f6el\u00e4m\u00e4\u00e4n kiinni tai jos joutuisi nyt l\u00e4hte\u00e4 n\u00e4iden osaajien kanssa kilpailemaan. Sormi siin\u00e4 menisi suuhun.<\/span><\/p>\n<\/div><\/div><\/div><\/div><\/div>\n","protected":false},"excerpt":{"rendered":"","protected":false},"author":22,"featured_media":4776,"comment_status":"open","ping_status":"open","sticky":false,"template":"","format":"standard","meta":{"footnotes":""},"categories":[46,44],"tags":[],"class_list":["post-6016","post","type-post","status-publish","format-standard","has-post-thumbnail","hentry","category-tyoelama","category-yrityksille"],"yoast_head":"<!-- This site is optimized with the Yoast SEO plugin v25.6 - https:\/\/yoast.com\/wordpress\/plugins\/seo\/ -->\n<title>Kokeneen ty\u00f6ntekij\u00e4n tarina: kuinka p\u00e4\u00e4dyin Lenzille - Lenz<\/title>\n<meta name=\"description\" content=\"&quot;Kun sain Jannelta puhelun mahdollisuudesta l\u00e4hte\u00e4 tekem\u00e4\u00e4n Lenzin kanssa yhteisty\u00f6t\u00e4 ei siin\u00e4 tarvinnut kauaa asiaa mietti\u00e4. &quot;\" \/>\n<meta name=\"robots\" content=\"index, follow, max-snippet:-1, max-image-preview:large, max-video-preview:-1\" \/>\n<link rel=\"canonical\" href=\"https:\/\/lenzlatam.com\/tyoelama\/lenz-projects-severi-sjoblom-kertoo-kuinka-paatyi-lenzille\/\" \/>\n<meta property=\"og:locale\" content=\"fi_FI\" \/>\n<meta property=\"og:type\" content=\"article\" \/>\n<meta property=\"og:title\" content=\"Kokeneen ty\u00f6ntekij\u00e4n tarina: kuinka p\u00e4\u00e4dyin Lenzille - Lenz\" \/>\n<meta property=\"og:description\" content=\"&quot;Kun sain Jannelta puhelun mahdollisuudesta l\u00e4hte\u00e4 tekem\u00e4\u00e4n Lenzin kanssa yhteisty\u00f6t\u00e4 ei siin\u00e4 tarvinnut kauaa asiaa mietti\u00e4. &quot;\" \/>\n<meta property=\"og:url\" content=\"https:\/\/lenzlatam.com\/tyoelama\/lenz-projects-severi-sjoblom-kertoo-kuinka-paatyi-lenzille\/\" \/>\n<meta property=\"og:site_name\" content=\"Lenz\" \/>\n<meta property=\"article:published_time\" content=\"2023-01-31T12:09:50+00:00\" \/>\n<meta property=\"article:modified_time\" content=\"2023-05-25T06:51:14+00:00\" \/>\n<meta property=\"og:image\" content=\"https:\/\/lenzlatam.com\/wp-content\/uploads\/2022\/09\/IMG_4274-scaled.jpg\" \/>\n\t<meta property=\"og:image:width\" content=\"1444\" \/>\n\t<meta property=\"og:image:height\" content=\"2560\" \/>\n\t<meta property=\"og:image:type\" content=\"image\/jpeg\" \/>\n<meta name=\"author\" content=\"Severi\" \/>\n<meta name=\"twitter:card\" content=\"summary_large_image\" \/>\n<meta name=\"twitter:label1\" content=\"Kirjoittanut\" \/>\n\t<meta name=\"twitter:data1\" content=\"Severi\" \/>\n\t<meta name=\"twitter:label2\" content=\"Arvioitu lukuaika\" \/>\n\t<meta name=\"twitter:data2\" content=\"4 minuuttia\" \/>\n<script type=\"application\/ld+json\" class=\"yoast-schema-graph\">{\"@context\":\"https:\/\/schema.org\",\"@graph\":[{\"@type\":\"WebPage\",\"@id\":\"https:\/\/lenzlatam.com\/tyoelama\/lenz-projects-severi-sjoblom-kertoo-kuinka-paatyi-lenzille\/\",\"url\":\"https:\/\/lenzlatam.com\/tyoelama\/lenz-projects-severi-sjoblom-kertoo-kuinka-paatyi-lenzille\/\",\"name\":\"Kokeneen ty\u00f6ntekij\u00e4n tarina: kuinka p\u00e4\u00e4dyin Lenzille - Lenz\",\"isPartOf\":{\"@id\":\"https:\/\/lenzlatam.com\/#website\"},\"primaryImageOfPage\":{\"@id\":\"https:\/\/lenzlatam.com\/tyoelama\/lenz-projects-severi-sjoblom-kertoo-kuinka-paatyi-lenzille\/#primaryimage\"},\"image\":{\"@id\":\"https:\/\/lenzlatam.com\/tyoelama\/lenz-projects-severi-sjoblom-kertoo-kuinka-paatyi-lenzille\/#primaryimage\"},\"thumbnailUrl\":\"https:\/\/lenzlatam.com\/wp-content\/uploads\/2022\/09\/IMG_4274-scaled.jpg\",\"datePublished\":\"2023-01-31T12:09:50+00:00\",\"dateModified\":\"2023-05-25T06:51:14+00:00\",\"author\":{\"@id\":\"https:\/\/lenzlatam.com\/#\/schema\/person\/883baff7164e38d2ff83ee1ecaed0d56\"},\"description\":\"\\\"Kun sain Jannelta puhelun mahdollisuudesta l\u00e4hte\u00e4 tekem\u00e4\u00e4n Lenzin kanssa yhteisty\u00f6t\u00e4 ei siin\u00e4 tarvinnut kauaa asiaa mietti\u00e4. \\\"\",\"breadcrumb\":{\"@id\":\"https:\/\/lenzlatam.com\/tyoelama\/lenz-projects-severi-sjoblom-kertoo-kuinka-paatyi-lenzille\/#breadcrumb\"},\"inLanguage\":\"fi\",\"potentialAction\":[{\"@type\":\"ReadAction\",\"target\":[\"https:\/\/lenzlatam.com\/tyoelama\/lenz-projects-severi-sjoblom-kertoo-kuinka-paatyi-lenzille\/\"]}]},{\"@type\":\"ImageObject\",\"inLanguage\":\"fi\",\"@id\":\"https:\/\/lenzlatam.com\/tyoelama\/lenz-projects-severi-sjoblom-kertoo-kuinka-paatyi-lenzille\/#primaryimage\",\"url\":\"https:\/\/lenzlatam.com\/wp-content\/uploads\/2022\/09\/IMG_4274-scaled.jpg\",\"contentUrl\":\"https:\/\/lenzlatam.com\/wp-content\/uploads\/2022\/09\/IMG_4274-scaled.jpg\",\"width\":1444,\"height\":2560},{\"@type\":\"BreadcrumbList\",\"@id\":\"https:\/\/lenzlatam.com\/tyoelama\/lenz-projects-severi-sjoblom-kertoo-kuinka-paatyi-lenzille\/#breadcrumb\",\"itemListElement\":[{\"@type\":\"ListItem\",\"position\":1,\"name\":\"Etusivu\",\"item\":\"https:\/\/lenzlatam.com\/\"},{\"@type\":\"ListItem\",\"position\":2,\"name\":\"Kokeneen ty\u00f6ntekij\u00e4n tarina: kuinka p\u00e4\u00e4dyin Lenzille\"}]},{\"@type\":\"WebSite\",\"@id\":\"https:\/\/lenzlatam.com\/#website\",\"url\":\"https:\/\/lenzlatam.com\/\",\"name\":\"Lenz\",\"description\":\"Lenz\",\"potentialAction\":[{\"@type\":\"SearchAction\",\"target\":{\"@type\":\"EntryPoint\",\"urlTemplate\":\"https:\/\/lenzlatam.com\/?s={search_term_string}\"},\"query-input\":{\"@type\":\"PropertyValueSpecification\",\"valueRequired\":true,\"valueName\":\"search_term_string\"}}],\"inLanguage\":\"fi\"},{\"@type\":\"Person\",\"@id\":\"https:\/\/lenzlatam.com\/#\/schema\/person\/883baff7164e38d2ff83ee1ecaed0d56\",\"name\":\"Severi\",\"image\":{\"@type\":\"ImageObject\",\"inLanguage\":\"fi\",\"@id\":\"https:\/\/lenzlatam.com\/#\/schema\/person\/image\/\",\"url\":\"https:\/\/secure.gravatar.com\/avatar\/44ca5d23a12461bb1a54beedf38f2ab1?s=96&d=mm&r=g\",\"contentUrl\":\"https:\/\/secure.gravatar.com\/avatar\/44ca5d23a12461bb1a54beedf38f2ab1?s=96&d=mm&r=g\",\"caption\":\"Severi\"},\"description\":\"Asiakassuhteiden ja myynnin strategisti\",\"sameAs\":[\"https:\/\/www.linkedin.com\/in\/severi-sjoblom\/\"],\"url\":\"https:\/\/lenzlatam.com\/fi\/author\/severi\/\"}]}<\/script>\n<!-- \/ Yoast SEO plugin. -->","yoast_head_json":{"title":"Kokeneen ty\u00f6ntekij\u00e4n tarina: kuinka p\u00e4\u00e4dyin Lenzille - Lenz","description":"\"Kun sain Jannelta puhelun mahdollisuudesta l\u00e4hte\u00e4 tekem\u00e4\u00e4n Lenzin kanssa yhteisty\u00f6t\u00e4 ei siin\u00e4 tarvinnut kauaa asiaa mietti\u00e4. \"","robots":{"index":"index","follow":"follow","max-snippet":"max-snippet:-1","max-image-preview":"max-image-preview:large","max-video-preview":"max-video-preview:-1"},"canonical":"https:\/\/lenzlatam.com\/tyoelama\/lenz-projects-severi-sjoblom-kertoo-kuinka-paatyi-lenzille\/","og_locale":"fi_FI","og_type":"article","og_title":"Kokeneen ty\u00f6ntekij\u00e4n tarina: kuinka p\u00e4\u00e4dyin Lenzille - Lenz","og_description":"\"Kun sain Jannelta puhelun mahdollisuudesta l\u00e4hte\u00e4 tekem\u00e4\u00e4n Lenzin kanssa yhteisty\u00f6t\u00e4 ei siin\u00e4 tarvinnut kauaa asiaa mietti\u00e4. \"","og_url":"https:\/\/lenzlatam.com\/tyoelama\/lenz-projects-severi-sjoblom-kertoo-kuinka-paatyi-lenzille\/","og_site_name":"Lenz","article_published_time":"2023-01-31T12:09:50+00:00","article_modified_time":"2023-05-25T06:51:14+00:00","og_image":[{"width":1444,"height":2560,"url":"https:\/\/lenzlatam.com\/wp-content\/uploads\/2022\/09\/IMG_4274-scaled.jpg","type":"image\/jpeg"}],"author":"Severi","twitter_card":"summary_large_image","twitter_misc":{"Kirjoittanut":"Severi","Arvioitu lukuaika":"4 minuuttia"},"schema":{"@context":"https:\/\/schema.org","@graph":[{"@type":"WebPage","@id":"https:\/\/lenzlatam.com\/tyoelama\/lenz-projects-severi-sjoblom-kertoo-kuinka-paatyi-lenzille\/","url":"https:\/\/lenzlatam.com\/tyoelama\/lenz-projects-severi-sjoblom-kertoo-kuinka-paatyi-lenzille\/","name":"Kokeneen ty\u00f6ntekij\u00e4n tarina: kuinka p\u00e4\u00e4dyin Lenzille - Lenz","isPartOf":{"@id":"https:\/\/lenzlatam.com\/#website"},"primaryImageOfPage":{"@id":"https:\/\/lenzlatam.com\/tyoelama\/lenz-projects-severi-sjoblom-kertoo-kuinka-paatyi-lenzille\/#primaryimage"},"image":{"@id":"https:\/\/lenzlatam.com\/tyoelama\/lenz-projects-severi-sjoblom-kertoo-kuinka-paatyi-lenzille\/#primaryimage"},"thumbnailUrl":"https:\/\/lenzlatam.com\/wp-content\/uploads\/2022\/09\/IMG_4274-scaled.jpg","datePublished":"2023-01-31T12:09:50+00:00","dateModified":"2023-05-25T06:51:14+00:00","author":{"@id":"https:\/\/lenzlatam.com\/#\/schema\/person\/883baff7164e38d2ff83ee1ecaed0d56"},"description":"\"Kun sain Jannelta puhelun mahdollisuudesta l\u00e4hte\u00e4 tekem\u00e4\u00e4n Lenzin kanssa yhteisty\u00f6t\u00e4 ei siin\u00e4 tarvinnut kauaa asiaa mietti\u00e4. \"","breadcrumb":{"@id":"https:\/\/lenzlatam.com\/tyoelama\/lenz-projects-severi-sjoblom-kertoo-kuinka-paatyi-lenzille\/#breadcrumb"},"inLanguage":"fi","potentialAction":[{"@type":"ReadAction","target":["https:\/\/lenzlatam.com\/tyoelama\/lenz-projects-severi-sjoblom-kertoo-kuinka-paatyi-lenzille\/"]}]},{"@type":"ImageObject","inLanguage":"fi","@id":"https:\/\/lenzlatam.com\/tyoelama\/lenz-projects-severi-sjoblom-kertoo-kuinka-paatyi-lenzille\/#primaryimage","url":"https:\/\/lenzlatam.com\/wp-content\/uploads\/2022\/09\/IMG_4274-scaled.jpg","contentUrl":"https:\/\/lenzlatam.com\/wp-content\/uploads\/2022\/09\/IMG_4274-scaled.jpg","width":1444,"height":2560},{"@type":"BreadcrumbList","@id":"https:\/\/lenzlatam.com\/tyoelama\/lenz-projects-severi-sjoblom-kertoo-kuinka-paatyi-lenzille\/#breadcrumb","itemListElement":[{"@type":"ListItem","position":1,"name":"Etusivu","item":"https:\/\/lenzlatam.com\/"},{"@type":"ListItem","position":2,"name":"Kokeneen ty\u00f6ntekij\u00e4n tarina: kuinka p\u00e4\u00e4dyin Lenzille"}]},{"@type":"WebSite","@id":"https:\/\/lenzlatam.com\/#website","url":"https:\/\/lenzlatam.com\/","name":"Lenz","description":"Lenz","potentialAction":[{"@type":"SearchAction","target":{"@type":"EntryPoint","urlTemplate":"https:\/\/lenzlatam.com\/?s={search_term_string}"},"query-input":{"@type":"PropertyValueSpecification","valueRequired":true,"valueName":"search_term_string"}}],"inLanguage":"fi"},{"@type":"Person","@id":"https:\/\/lenzlatam.com\/#\/schema\/person\/883baff7164e38d2ff83ee1ecaed0d56","name":"Severi","image":{"@type":"ImageObject","inLanguage":"fi","@id":"https:\/\/lenzlatam.com\/#\/schema\/person\/image\/","url":"https:\/\/secure.gravatar.com\/avatar\/44ca5d23a12461bb1a54beedf38f2ab1?s=96&d=mm&r=g","contentUrl":"https:\/\/secure.gravatar.com\/avatar\/44ca5d23a12461bb1a54beedf38f2ab1?s=96&d=mm&r=g","caption":"Severi"},"description":"Asiakassuhteiden ja myynnin strategisti","sameAs":["https:\/\/www.linkedin.com\/in\/severi-sjoblom\/"],"url":"https:\/\/lenzlatam.com\/fi\/author\/severi\/"}]}},"_links":{"self":[{"href":"https:\/\/lenzlatam.com\/fi\/wp-json\/wp\/v2\/posts\/6016"}],"collection":[{"href":"https:\/\/lenzlatam.com\/fi\/wp-json\/wp\/v2\/posts"}],"about":[{"href":"https:\/\/lenzlatam.com\/fi\/wp-json\/wp\/v2\/types\/post"}],"author":[{"embeddable":true,"href":"https:\/\/lenzlatam.com\/fi\/wp-json\/wp\/v2\/users\/22"}],"replies":[{"embeddable":true,"href":"https:\/\/lenzlatam.com\/fi\/wp-json\/wp\/v2\/comments?post=6016"}],"version-history":[{"count":6,"href":"https:\/\/lenzlatam.com\/fi\/wp-json\/wp\/v2\/posts\/6016\/revisions"}],"predecessor-version":[{"id":6022,"href":"https:\/\/lenzlatam.com\/fi\/wp-json\/wp\/v2\/posts\/6016\/revisions\/6022"}],"wp:featuredmedia":[{"embeddable":true,"href":"https:\/\/lenzlatam.com\/fi\/wp-json\/wp\/v2\/media\/4776"}],"wp:attachment":[{"href":"https:\/\/lenzlatam.com\/fi\/wp-json\/wp\/v2\/media?parent=6016"}],"wp:term":[{"taxonomy":"category","embeddable":true,"href":"https:\/\/lenzlatam.com\/fi\/wp-json\/wp\/v2\/categories?post=6016"},{"taxonomy":"post_tag","embeddable":true,"href":"https:\/\/lenzlatam.com\/fi\/wp-json\/wp\/v2\/tags?post=6016"}],"curies":[{"name":"wp","href":"https:\/\/api.w.org\/{rel}","templated":true}]}}